{"id":5644,"date":"2024-09-25T16:23:17","date_gmt":"2024-09-25T14:23:17","guid":{"rendered":"https:\/\/cocemfecatalunya.org\/?p=5644"},"modified":"2024-09-25T16:23:17","modified_gmt":"2024-09-25T14:23:17","slug":"cocemfe-catalunya-participa-con-un-podcast-de-radio-en-la-fiesta-de-lassociat-2024","status":"publish","type":"post","link":"https:\/\/cocemfecatalunya.org\/es\/cocemfe-catalunya-participa-con-un-podcast-de-radio-en-la-fiesta-de-lassociat-2024\/","title":{"rendered":"COCEMFE Catalunya participa con un podcast de radio en la Fiesta de l&#8217;Associa&#8217;t 2024"},"content":{"rendered":"<p>La\u00a0<strong>Fiesta de l&#8217;Associa&#8217;t\u00a0<\/strong>es un <strong>evento l\u00fadico, coproducido por <a href=\"https:\/\/tjussana.cat\/\" target=\"_blank\" rel=\"noopener\">Torre Jussana<\/a> y el <a href=\"https:\/\/ajuntament.barcelona.cat\/acciocomunitaria\/ca\" target=\"_blank\" rel=\"noopener\">Servei d&#8217;Acci\u00f3 Comunit\u00e0ria<\/a><\/strong>, que nos acerca a la riqueza y vitalidad del tejido asociativo de la ciudad de Barcelona durante las fiestas de la Merc\u00e8 (21, 22 y 24 de septiembre). Y lo hace facilitando a las entidades diferentes espacios de la ciudad para que organicen actividades que acerquen su realidad a la ciudadan\u00eda.<\/p>\n<p>La apuesta por devolver la\u00a0<strong>Fiesta de l&#8217;Associa&#8217;t<\/strong> al centro de la ciudad fue todo un \u00e9xito a nivel de participaci\u00f3n ciudadana. M\u00e1s de\u00a0<strong>15.000 personas<\/strong> tomaron parte en las setenta actividades organizadas por\u00a0<strong>80 entidades de Barcelona<\/strong>. Este a\u00f1o se ha vuelto a celebrar en el\u00a0<strong>Parque de la Ciudadela<\/strong> (21 y 22 de septiembre) y en la\u00a0<strong>Avenida de la Catedral\u00a0<\/strong>(24 de septiembre) para continuar integrando al m\u00e1ximo la Fiesta en la programaci\u00f3n de la Merc\u00e8 y estrechar, as\u00ed, las alianzas con el <a href=\"https:\/\/www.barcelona.cat\/barcelonacultura\/ca\" target=\"_blank\" rel=\"noopener\"><strong>ICUB<\/strong> <\/a>i con otros departamentos del Ayuntamiento.<\/p>\n<p>Para hacer de altavoz de esta fiesta, se emiti\u00f3 Radio Associa&#8217;t desde un set de radio preparado en el Parque de la Ciudadela, y en el que participaron m\u00e1s de 30 entidades a lo largo de 19 horas de radio en directo. En el espacio dedicado a la discapacidad f\u00edsica y org\u00e1nica liderado por Cocemfe Catalunya, particip\u00f3 como invitada <strong><a href=\"https:\/\/www.mestu.org\/\" target=\"_blank\" rel=\"noopener\">+Tu Fundaci\u00f3n<\/a>,\u00a0<\/strong>una fundaci\u00f3n privada de \u00e1mbito catal\u00e1n, con casi 40 a\u00f1os de experiencia en el acompa\u00f1amiento a personas mayores de edad con discapacidad intelectual o derivada del proceso de envejecimiento, as\u00ed como a sus familias. Actualmente da apoyo a m\u00e1s de 800 personas de toda Catalu\u00f1a, de las cuales unas 500 en la provincia de Barcelona.<\/p>\n<p>Us dejamos a disposici\u00f3n el podcast de nuestro programa, en el que dimos a conocer la discapacidad f\u00edsica y la discapacidad org\u00e1nica, y la tarea de la Confederaci\u00f3n al servicio de las federaciones provinciales y de las entidades federadas.<\/p>\n<audio class=\"wp-audio-shortcode\" id=\"audio-5644-1\" preload=\"none\" style=\"width: 100%;\" controls=\"controls\"><source type=\"audio\/mpeg\" src=\"https:\/\/cocemfecatalunya.org\/wp-content\/uploads\/2024\/09\/RADIO_COCEMFE_final.mp3?_=1\" \/><a href=\"https:\/\/cocemfecatalunya.org\/wp-content\/uploads\/2024\/09\/RADIO_COCEMFE_final.mp3\">https:\/\/cocemfecatalunya.org\/wp-content\/uploads\/2024\/09\/RADIO_COCEMFE_final.mp3<\/a><\/audio>\n","protected":false},"excerpt":{"rendered":"<p>Os compartimos el podcast grabado en la Fiesta de l&#8217;Associa&#8217;t 2024<\/p>\n","protected":false},"author":2,"featured_media":5646,"comment_status":"closed","ping_status":"open","sticky":false,"template":"","format":"standard","meta":{"_acf_changed":false,"_et_pb_use_builder":"","_et_pb_old_content":"","_et_gb_content_width":"","footnotes":""},"categories":[2],"tags":[178,140,179,180],"class_list":["post-5644","post","type-post","status-publish","format-standard","has-post-thumbnail","hentry","category-sin-categorizar","tag-accesibilidad","tag-cocemfe-cataluna","tag-movilidad-reducida","tag-playas-accesibles"],"acf":[],"_links":{"self":[{"href":"https:\/\/cocemfecatalunya.org\/es\/wp-json\/wp\/v2\/posts\/5644","targetHints":{"allow":["GET"]}}],"collection":[{"href":"https:\/\/cocemfecatalunya.org\/es\/wp-json\/wp\/v2\/posts"}],"about":[{"href":"https:\/\/cocemfecatalunya.org\/es\/wp-json\/wp\/v2\/types\/post"}],"author":[{"embeddable":true,"href":"https:\/\/cocemfecatalunya.org\/es\/wp-json\/wp\/v2\/users\/2"}],"replies":[{"embeddable":true,"href":"https:\/\/cocemfecatalunya.org\/es\/wp-json\/wp\/v2\/comments?post=5644"}],"version-history":[{"count":1,"href":"https:\/\/cocemfecatalunya.org\/es\/wp-json\/wp\/v2\/posts\/5644\/revisions"}],"predecessor-version":[{"id":5649,"href":"https:\/\/cocemfecatalunya.org\/es\/wp-json\/wp\/v2\/posts\/5644\/revisions\/5649"}],"wp:featuredmedia":[{"embeddable":true,"href":"https:\/\/cocemfecatalunya.org\/es\/wp-json\/wp\/v2\/media\/5646"}],"wp:attachment":[{"href":"https:\/\/cocemfecatalunya.org\/es\/wp-json\/wp\/v2\/media?parent=5644"}],"wp:term":[{"taxonomy":"category","embeddable":true,"href":"https:\/\/cocemfecatalunya.org\/es\/wp-json\/wp\/v2\/categories?post=5644"},{"taxonomy":"post_tag","embeddable":true,"href":"https:\/\/cocemfecatalunya.org\/es\/wp-json\/wp\/v2\/tags?post=5644"}],"curies":[{"name":"wp","href":"https:\/\/api.w.org\/{rel}","templated":true}]}}