{"id":5629,"date":"2024-09-18T17:39:04","date_gmt":"2024-09-18T15:39:04","guid":{"rendered":"https:\/\/cocemfecatalunya.org\/?p=5629"},"modified":"2024-09-18T17:39:04","modified_gmt":"2024-09-18T15:39:04","slug":"las-mujeres-con-discapacidad-organizan-una-mesa-redonda-para-desmontar-mitos-y-romper-estigmas-sobre-sus-derechos-sexuales","status":"publish","type":"post","link":"https:\/\/cocemfecatalunya.org\/es\/las-mujeres-con-discapacidad-organizan-una-mesa-redonda-para-desmontar-mitos-y-romper-estigmas-sobre-sus-derechos-sexuales\/","title":{"rendered":"Las mujeres con discapacidad organizan una mesa redonda para desmontar mitos y romper estigmas sobre sus derechos sexuales"},"content":{"rendered":"<p>Coincidiendo con la celebraci\u00f3n del D\u00eda Internacional por los derechos sexuales y reproductivos de las mujeres, que tiene lugar cada 28 de septiembre, la Comisi\u00f3n de g\u00e9nero del COCARMI, en la cual participan <strong>Cocemfe Catalu\u00f1a, Dincat, Down Catalu\u00f1a, Ecom y ONCE Catalu\u00f1a<\/strong>, ha organizado, viernes 27 de septiembre, la mesa redonda <strong>Desmontando tab\u00fas y rompiendo estigmas sobre los derechos sexuales y reproductivos de las mujeres con discapacidad.<\/strong><\/p>\n<p>La sesi\u00f3n, que se podr\u00e1 seguir presencialmente en la sede de ONCE Catalu\u00f1a o bien por *streaming, quiere ser un toque de atenci\u00f3n y sensibilizaci\u00f3n a la sociedad sobre una realidad a menudo escondida y silenciada, en que se niegan a las mujeres con discapacidad los derechos que tienen el resto de mujeres en materia de salud sexual y reproductiva, unos derechos reconocidos tanto a la <a href=\"https:\/\/www.ohchr.org\/es\/instruments-mechanisms\/instruments\/convention-elimination-all-forms-discrimination-against-women\" target=\"_blank\" rel=\"noopener\">Convenci\u00f3n Internacional sobre los Derechos de las Personas con Discapacidad<\/a> como la <a href=\"https:\/\/www.ohchr.org\/es\/instruments-mechanisms\/instruments\/convention-elimination-all-forms-discrimination-against-women\" target=\"_blank\" rel=\"noopener\">Convenci\u00f3n sobre la eliminaci\u00f3n de todas las formas de discriminaci\u00f3n contra la mujer<\/a> (CEDAW en sus siglas inglesas).<\/p>\n<p>El acto contar\u00e1 con ponencias de expertas en este campo, que hablar\u00e1n de <strong>La salud sexual y reproductiva de las mujeres con discapacidad<\/strong> y de <strong>Tu cuerpo, tu campo de placer<\/strong>, as\u00ed como con una mesa con las experiencias personas de diferentes miembros de la comisi\u00f3n de g\u00e9nero del COCARMI.<\/p>\n<p>El encuentro est\u00e1 especialmente pensado para que las mujeres con discapacidad conozcan sus derechos en este \u00e1mbito y compartan sus experiencias, pero tambi\u00e9n se invita a asistir a hombres y mujeres, con y sin discapacidad, para tomar conciencia y contribuir a poner fin a una mirada discriminatoria y err\u00f3nea sobre los derechos sexuales y reproductivos de las mujeres con discapacidad.<\/p>\n<p>El acto tiene el apoyo de los departamentos de Derechos Sociales e Inclusi\u00f3n y de Igualdad y Feminismos y de la Fundaci\u00f3n Catalana para la Par\u00e1lisis Cerebral.<\/p>\n<p><strong>Formulario de inscripci\u00f3n y solicitud de medidas de accesibilidad<\/strong> <a href=\"https:\/\/docs.google.com\/forms\/d\/e\/1FAIpQLScb_I2QLmi7CmvcmwhvZAeY6A-ExQWE4inc6nBbp3Hr3RXYSg\/viewform\" target=\"_blank\" rel=\"noopener\">AQU\u00cd<\/a><\/p>\n<p><strong>Para mayor informaci\u00f3n: info@cocarmi.cat \/ 638.90.59.15<\/strong><\/p>\n","protected":false},"excerpt":{"rendered":"<p>Coincidiendo con el D\u00eda internacional de los derechos sexuales y reproductivos de las mujeres<\/p>\n","protected":false},"author":2,"featured_media":5627,"comment_status":"closed","ping_status":"open","sticky":false,"template":"","format":"standard","meta":{"_acf_changed":false,"_et_pb_use_builder":"","_et_pb_old_content":"","_et_gb_content_width":"","footnotes":""},"categories":[2],"tags":[178,140,179,180],"class_list":["post-5629","post","type-post","status-publish","format-standard","has-post-thumbnail","hentry","category-sin-categorizar","tag-accesibilidad","tag-cocemfe-cataluna","tag-movilidad-reducida","tag-playas-accesibles"],"acf":[],"_links":{"self":[{"href":"https:\/\/cocemfecatalunya.org\/es\/wp-json\/wp\/v2\/posts\/5629","targetHints":{"allow":["GET"]}}],"collection":[{"href":"https:\/\/cocemfecatalunya.org\/es\/wp-json\/wp\/v2\/posts"}],"about":[{"href":"https:\/\/cocemfecatalunya.org\/es\/wp-json\/wp\/v2\/types\/post"}],"author":[{"embeddable":true,"href":"https:\/\/cocemfecatalunya.org\/es\/wp-json\/wp\/v2\/users\/2"}],"replies":[{"embeddable":true,"href":"https:\/\/cocemfecatalunya.org\/es\/wp-json\/wp\/v2\/comments?post=5629"}],"version-history":[{"count":1,"href":"https:\/\/cocemfecatalunya.org\/es\/wp-json\/wp\/v2\/posts\/5629\/revisions"}],"predecessor-version":[{"id":5632,"href":"https:\/\/cocemfecatalunya.org\/es\/wp-json\/wp\/v2\/posts\/5629\/revisions\/5632"}],"wp:featuredmedia":[{"embeddable":true,"href":"https:\/\/cocemfecatalunya.org\/es\/wp-json\/wp\/v2\/media\/5627"}],"wp:attachment":[{"href":"https:\/\/cocemfecatalunya.org\/es\/wp-json\/wp\/v2\/media?parent=5629"}],"wp:term":[{"taxonomy":"category","embeddable":true,"href":"https:\/\/cocemfecatalunya.org\/es\/wp-json\/wp\/v2\/categories?post=5629"},{"taxonomy":"post_tag","embeddable":true,"href":"https:\/\/cocemfecatalunya.org\/es\/wp-json\/wp\/v2\/tags?post=5629"}],"curies":[{"name":"wp","href":"https:\/\/api.w.org\/{rel}","templated":true}]}}