{"id":3781,"date":"2023-06-07T09:53:34","date_gmt":"2023-06-07T09:53:34","guid":{"rendered":"http:\/\/cocemfecatalunya.org\/?p=3781"},"modified":"2023-06-07T09:53:34","modified_gmt":"2023-06-07T09:53:34","slug":"conociendo-a-angels-estevez-presidenta-de-cocemfe-lleida","status":"publish","type":"post","link":"https:\/\/cocemfecatalunya.org\/es\/conociendo-a-angels-estevez-presidenta-de-cocemfe-lleida\/","title":{"rendered":"Conociendo a&#8230; \u00c0ngels Est\u00e9vez, Presidenta de COCEMFE Lleida"},"content":{"rendered":"<p>Para mejorar la cohesi\u00f3n asociativa conviene que conozcamos qui\u00e9n es qui\u00e9n dentro de nuestra Confederaci\u00f3n. Y aprovechamos que el a\u00f1o pasado empez\u00f3 una nueva Junta Directiva en la Federaci\u00f3n de Lleida para conocer a su Presidenta, <strong>\u00c0ngels Est\u00e9vez<\/strong>,\u00a0que ha accedido muy amablemente a responder unas preguntas.<\/p>\n<p><strong>Hola, \u00c0ngels, \u00bfnos haces una breve presentaci\u00f3n?<\/strong>: Buenos d\u00edas, mi cargo es el de Delegada Territorial de Tarragona y Lleida de AACIC (Asociaci\u00f3n de Cardiopat\u00edas Cong\u00e9nitas). Soy psic\u00f3loga de profesi\u00f3n y llevo ya 17 a\u00f1os en AACIC, donde he crecido como profesional y como persona.<\/p>\n<p><strong>En COCEMFE Lleida ten\u00e9is una nueva Junta Directiva desde el 26 de Julio de 2022, \u00bfCu\u00e1ntas entidades est\u00e1n asociadas y qu\u00e9 dificultades afront\u00e1is como Federaci\u00f3n?<\/strong>: Actualmente somos 4 entidades y tenemos 2 interesadas en formar parte. Nos est\u00e1 siendo dif\u00edcil que las entidades de Lleida quieran adherirse y este es uno de los primeros objetivos que tenemos.<\/p>\n<p><strong>De acuerdo, \u00a1los tiempos que vivimos no son f\u00e1ciles! Pero ten\u00e9is energ\u00eda y ganas&#8230; \u00bfQu\u00e9 retos y objetivos os hab\u00e9is marcado como Federaci\u00f3n?<\/strong>: C\u00f3mo te dec\u00eda anteriormente, conseguir m\u00e1s entidades del territorio que se federen para poder tener una buena red de atenci\u00f3n a la ciudadan\u00eda. Adem\u00e1s, creemos que las entidades juntas tenemos m\u00e1s fuerza y aprendiendo unas de las otras, sumando nuestras caracter\u00edsticas, experiencias, servicios&#8230;<\/p>\n<p>Lo que nos une sobre todo a las entidades con las que queremos trabajar es la importancia de hacer visible la discapacidad org\u00e1nica, y este ser\u00eda uno de los segundos objetivos m\u00e1s importantes, la visibilidad como te digo y la sensibilizaci\u00f3n y conocimiento de este tipo de discapacidad.<\/p>\n<p><strong>Desde tu punto de vista y tu experiencia, \u00bfqu\u00e9 consideras que es m\u00e1s importante hoy en d\u00eda para una entidad de personas con discapacidad f\u00edsica u org\u00e1nica?<\/strong>: La comprensi\u00f3n social y la aceptaci\u00f3n. Es el gran h\u00e1ndicap de la discapacidad, sobre todo org\u00e1nica. La no visibilidad de las dificultades, de los malestares, del sufrimiento&#8230; hace que sea muy dif\u00edcil poder demostrar y empatizar con lo que viven este tipo de pacientes.<\/p>\n<p><strong>\u00bfQu\u00e9 piensas del papel de las Administraciones hacia las entidades del Tercer sector social?<\/strong>: Es un papel ambivalente&#8230; creo que como el resto de ciudadan\u00eda las falta empat\u00eda y conocimiento, y por tanto sensibilizaci\u00f3n. Las entidades damos servicios que la administraci\u00f3n no da pero que la sociedad necesita para mejorar su calidad de vida. Este valor a\u00f1adido que las entidades aportamos a la sociedad las administraciones no lo ven o si lo ven no lo posicionan en un lugar de prioridad&#8230; y as\u00ed tendr\u00eda que ser.<\/p>\n<p><strong>Hay muchas entidades en Catalu\u00f1a que son peque\u00f1as y con escaso presupuesto, cargadas de entusiasmo y con mucho de protagonismo del voluntariado. \u00bfQu\u00e9 sugieres a estas entidades para asegurar su sostenibilidad?<\/strong>: El voluntariado es la base del tercer sector, y esto hace a la humanidad algo mejor&#8230; \u00bf\u00bf\u00bfQu\u00e9 les sugiero??? Que no tiren la toalla, que sigan pensando que un granito de arena puede mover una monta\u00f1a y sobre todo que no est\u00e1n solos&#8230; que trabajen en red, que trabajen todos juntos uniendo, como dec\u00eda, nuestras capacidades, conocimientos y caracter\u00edsticas&#8230; El reto es el mism: apoyar a aquellas personas que estando pasando por una situaci\u00f3n dif\u00edcil en su vida, y si por un instante las hacemos sentir mejor, yo ya me siento satisfecha.<\/p>\n<p><strong>Finalmente, \u00bfquieres compartir con nuestros lectores?:<\/strong> Una canci\u00f3n, un libro, una pel\u00edcula y&#8230; \u00a1un sue\u00f1o!<\/p>\n<p><strong>Una canci\u00f3n<\/strong>: <em>Mediterr\u00e1neo<\/em> de Joan Manel Serrat<br \/>\n<strong>Un libro<\/strong>: <em>Llenar\u00e9 tus d\u00edas de Vida<\/em>, de Anne-Dauphine Julliand<br \/>\n<strong>Una pel\u00edcula<\/strong>: <em>J\u00f3quer<\/em><br \/>\n<strong>Un sue\u00f1o<\/strong>: Recuperar muchos valores que la sociedad ha perdido&#8230; sobre todo la humildad.<\/p>\n","protected":false},"excerpt":{"rendered":"<p>Para mejorar la cohesi\u00f3n asociativa conviene que conozcamos qui\u00e9n es qui\u00e9n dentro de nuestra Confederaci\u00f3n. Y aprovechamos que el a\u00f1o pasado empez\u00f3 una nueva Junta Directiva en la Federaci\u00f3n de Lleida para conocer a su Presidenta, \u00c0ngels Est\u00e9vez,\u00a0que ha accedido muy amablemente a responder unas preguntas. Hola, \u00c0ngels, \u00bfnos haces una breve presentaci\u00f3n?: Buenos d\u00edas, [&hellip;]<\/p>\n","protected":false},"author":2,"featured_media":3678,"comment_status":"closed","ping_status":"open","sticky":false,"template":"","format":"standard","meta":{"_acf_changed":false,"_et_pb_use_builder":"","_et_pb_old_content":"","_et_gb_content_width":"","footnotes":""},"categories":[2],"tags":[126,127,125,124],"class_list":["post-3781","post","type-post","status-publish","format-standard","has-post-thumbnail","hentry","category-sin-categorizar","tag-cocemfe-es","tag-cocemfe-lleida-es","tag-cohesion-asociativa","tag-conociendo-a"],"acf":[],"_links":{"self":[{"href":"https:\/\/cocemfecatalunya.org\/es\/wp-json\/wp\/v2\/posts\/3781","targetHints":{"allow":["GET"]}}],"collection":[{"href":"https:\/\/cocemfecatalunya.org\/es\/wp-json\/wp\/v2\/posts"}],"about":[{"href":"https:\/\/cocemfecatalunya.org\/es\/wp-json\/wp\/v2\/types\/post"}],"author":[{"embeddable":true,"href":"https:\/\/cocemfecatalunya.org\/es\/wp-json\/wp\/v2\/users\/2"}],"replies":[{"embeddable":true,"href":"https:\/\/cocemfecatalunya.org\/es\/wp-json\/wp\/v2\/comments?post=3781"}],"version-history":[{"count":1,"href":"https:\/\/cocemfecatalunya.org\/es\/wp-json\/wp\/v2\/posts\/3781\/revisions"}],"predecessor-version":[{"id":3783,"href":"https:\/\/cocemfecatalunya.org\/es\/wp-json\/wp\/v2\/posts\/3781\/revisions\/3783"}],"wp:featuredmedia":[{"embeddable":true,"href":"https:\/\/cocemfecatalunya.org\/es\/wp-json\/wp\/v2\/media\/3678"}],"wp:attachment":[{"href":"https:\/\/cocemfecatalunya.org\/es\/wp-json\/wp\/v2\/media?parent=3781"}],"wp:term":[{"taxonomy":"category","embeddable":true,"href":"https:\/\/cocemfecatalunya.org\/es\/wp-json\/wp\/v2\/categories?post=3781"},{"taxonomy":"post_tag","embeddable":true,"href":"https:\/\/cocemfecatalunya.org\/es\/wp-json\/wp\/v2\/tags?post=3781"}],"curies":[{"name":"wp","href":"https:\/\/api.w.org\/{rel}","templated":true}]}}