{"id":1185,"date":"2021-11-30T08:54:30","date_gmt":"2021-11-30T08:54:30","guid":{"rendered":"http:\/\/cocemfecatalunya.org\/2021\/11\/30\/area-igualtat-cocemfe-catalunya\/"},"modified":"2022-01-14T11:26:25","modified_gmt":"2022-01-14T11:26:25","slug":"area-igualtat-cocemfe-catalunya","status":"publish","type":"post","link":"https:\/\/cocemfecatalunya.org\/es\/area-igualtat-cocemfe-catalunya\/","title":{"rendered":"\u00c1rea Igualdad Cocemfe Catalu\u00f1a"},"content":{"rendered":"<div class=\"page\" title=\"Page 1\">\n<div class=\"section\">Entre las prioridades de Cocemfe Catalunya est\u00e1 el fomentar el \u00c1rea de Igualdad y este a\u00f1o 2021 estamos haciendo un peque\u00f1o estudio para conocer las necesidades de las entidades que conforman Cocemfe Catalunya.<\/div>\n<div>Por favor conteste este breve cuestionario:<\/div>\n<div><a href=\"https:\/\/docs.google.com\/forms\/d\/e\/1FAIpQLSdf_aCInaGdZyPYJ6jBu89bDpN-cNr0GifUtkPopx-ATK0Lfg\/viewform?vc=0&amp;c=0&amp;w=1&amp;flr=0\" target=\"_blank\" rel=\"noopener\">Cuestionario<\/a><\/div>\n<\/div>\n","protected":false},"excerpt":{"rendered":"<p>Entre las prioridades de Cocemfe Catalunya est\u00e1 el fomentar el \u00c1rea de Igualdad y este a\u00f1o 2021 estamos haciendo un peque\u00f1o estudio para conocer las necesidades de las entidades que conforman Cocemfe Catalunya. Por favor conteste este breve cuestionario: Cuestionario<\/p>\n","protected":false},"author":1,"featured_media":624,"comment_status":"closed","ping_status":"open","sticky":false,"template":"","format":"standard","meta":{"_acf_changed":false,"_et_pb_use_builder":"","_et_pb_old_content":"","_et_gb_content_width":"","footnotes":""},"categories":[2],"tags":[],"class_list":["post-1185","post","type-post","status-publish","format-standard","has-post-thumbnail","hentry","category-sin-categorizar"],"acf":[],"_links":{"self":[{"href":"https:\/\/cocemfecatalunya.org\/es\/wp-json\/wp\/v2\/posts\/1185","targetHints":{"allow":["GET"]}}],"collection":[{"href":"https:\/\/cocemfecatalunya.org\/es\/wp-json\/wp\/v2\/posts"}],"about":[{"href":"https:\/\/cocemfecatalunya.org\/es\/wp-json\/wp\/v2\/types\/post"}],"author":[{"embeddable":true,"href":"https:\/\/cocemfecatalunya.org\/es\/wp-json\/wp\/v2\/users\/1"}],"replies":[{"embeddable":true,"href":"https:\/\/cocemfecatalunya.org\/es\/wp-json\/wp\/v2\/comments?post=1185"}],"version-history":[{"count":1,"href":"https:\/\/cocemfecatalunya.org\/es\/wp-json\/wp\/v2\/posts\/1185\/revisions"}],"predecessor-version":[{"id":1216,"href":"https:\/\/cocemfecatalunya.org\/es\/wp-json\/wp\/v2\/posts\/1185\/revisions\/1216"}],"wp:featuredmedia":[{"embeddable":true,"href":"https:\/\/cocemfecatalunya.org\/es\/wp-json\/wp\/v2\/media\/624"}],"wp:attachment":[{"href":"https:\/\/cocemfecatalunya.org\/es\/wp-json\/wp\/v2\/media?parent=1185"}],"wp:term":[{"taxonomy":"category","embeddable":true,"href":"https:\/\/cocemfecatalunya.org\/es\/wp-json\/wp\/v2\/categories?post=1185"},{"taxonomy":"post_tag","embeddable":true,"href":"https:\/\/cocemfecatalunya.org\/es\/wp-json\/wp\/v2\/tags?post=1185"}],"curies":[{"name":"wp","href":"https:\/\/api.w.org\/{rel}","templated":true}]}}